{"id":3004,"date":"2024-12-29T17:17:31","date_gmt":"2024-12-29T17:17:31","guid":{"rendered":"https:\/\/www.excavations-mag.com\/excavations\/?p=3004"},"modified":"2024-12-29T17:17:31","modified_gmt":"2024-12-29T17:17:31","slug":"excavations-11-juan-fran-nunez-parreno","status":"publish","type":"post","link":"https:\/\/www.excavations-mag.com\/excavations\/2024\/12\/29\/excavations-11-juan-fran-nunez-parreno\/","title":{"rendered":"Excavations #11: Juan Fran Nunez Parreno"},"content":{"rendered":"<h6><span style=\"color: #666666;\"><span style=\"font-family: Andale Mono;\"><span style=\"font-size: small;\">Pages from Juan Fran N\u00fa\u00f1ez Parre\u00f1o, Villamalea, Spain<\/span><\/span><\/span><\/h6>\n<p><a href=\"http:\/\/www.excavations-mag.com\/excavations\/wp-content\/uploads\/2024\/12\/IMG_6584-scaled.jpeg\"><img loading=\"lazy\" decoding=\"async\" data-attachment-id=\"3138\" data-permalink=\"https:\/\/www.excavations-mag.com\/excavations\/2024\/12\/29\/excavations-11-juan-fran-nunez-parreno\/img_6584\/#main\" data-orig-file=\"https:\/\/www.excavations-mag.com\/excavations\/wp-content\/uploads\/2024\/12\/IMG_6584-scaled.jpeg\" data-orig-size=\"1920,2560\" data-comments-opened=\"1\" data-image-meta=\"{&quot;aperture&quot;:&quot;1.8&quot;,&quot;credit&quot;:&quot;&quot;,&quot;camera&quot;:&quot;iPhone XS&quot;,&quot;caption&quot;:&quot;&quot;,&quot;created_timestamp&quot;:&quot;1731142361&quot;,&quot;copyright&quot;:&quot;&quot;,&quot;focal_length&quot;:&quot;4.25&quot;,&quot;iso&quot;:&quot;50&quot;,&quot;shutter_speed&quot;:&quot;0.0082644628099174&quot;,&quot;title&quot;:&quot;&quot;,&quot;orientation&quot;:&quot;1&quot;}\" data-image-title=\"IMG_6584\" data-image-description=\"\" data-image-caption=\"\" data-medium-file=\"https:\/\/www.excavations-mag.com\/excavations\/wp-content\/uploads\/2024\/12\/IMG_6584-225x300.jpeg\" data-large-file=\"https:\/\/www.excavations-mag.com\/excavations\/wp-content\/uploads\/2024\/12\/IMG_6584-768x1024.jpeg\" class=\"alignnone size-medium wp-image-3138\" src=\"http:\/\/www.excavations-mag.com\/excavations\/wp-content\/uploads\/2024\/12\/IMG_6584-225x300.jpeg\" alt=\"\" width=\"225\" height=\"300\" srcset=\"https:\/\/www.excavations-mag.com\/excavations\/wp-content\/uploads\/2024\/12\/IMG_6584-225x300.jpeg 225w, https:\/\/www.excavations-mag.com\/excavations\/wp-content\/uploads\/2024\/12\/IMG_6584-768x1024.jpeg 768w, https:\/\/www.excavations-mag.com\/excavations\/wp-content\/uploads\/2024\/12\/IMG_6584-1152x1536.jpeg 1152w, https:\/\/www.excavations-mag.com\/excavations\/wp-content\/uploads\/2024\/12\/IMG_6584-1536x2048.jpeg 1536w, https:\/\/www.excavations-mag.com\/excavations\/wp-content\/uploads\/2024\/12\/IMG_6584-920x1227.jpeg 920w, https:\/\/www.excavations-mag.com\/excavations\/wp-content\/uploads\/2024\/12\/IMG_6584-scaled.jpeg 1920w\" sizes=\"auto, (max-width: 225px) 100vw, 225px\" \/><\/a> <a href=\"http:\/\/www.excavations-mag.com\/excavations\/wp-content\/uploads\/2024\/12\/IMG_6586-scaled.jpeg\"><img loading=\"lazy\" decoding=\"async\" data-attachment-id=\"3139\" data-permalink=\"https:\/\/www.excavations-mag.com\/excavations\/2024\/12\/29\/excavations-11-juan-fran-nunez-parreno\/img_6586\/#main\" data-orig-file=\"https:\/\/www.excavations-mag.com\/excavations\/wp-content\/uploads\/2024\/12\/IMG_6586-scaled.jpeg\" data-orig-size=\"1920,2560\" data-comments-opened=\"1\" data-image-meta=\"{&quot;aperture&quot;:&quot;1.8&quot;,&quot;credit&quot;:&quot;&quot;,&quot;camera&quot;:&quot;iPhone XS&quot;,&quot;caption&quot;:&quot;&quot;,&quot;created_timestamp&quot;:&quot;1731142370&quot;,&quot;copyright&quot;:&quot;&quot;,&quot;focal_length&quot;:&quot;4.25&quot;,&quot;iso&quot;:&quot;50&quot;,&quot;shutter_speed&quot;:&quot;0.0081967213114754&quot;,&quot;title&quot;:&quot;&quot;,&quot;orientation&quot;:&quot;1&quot;}\" data-image-title=\"IMG_6586\" data-image-description=\"\" data-image-caption=\"\" data-medium-file=\"https:\/\/www.excavations-mag.com\/excavations\/wp-content\/uploads\/2024\/12\/IMG_6586-225x300.jpeg\" data-large-file=\"https:\/\/www.excavations-mag.com\/excavations\/wp-content\/uploads\/2024\/12\/IMG_6586-768x1024.jpeg\" class=\"alignnone size-medium wp-image-3139\" src=\"http:\/\/www.excavations-mag.com\/excavations\/wp-content\/uploads\/2024\/12\/IMG_6586-225x300.jpeg\" alt=\"\" width=\"225\" height=\"300\" srcset=\"https:\/\/www.excavations-mag.com\/excavations\/wp-content\/uploads\/2024\/12\/IMG_6586-225x300.jpeg 225w, https:\/\/www.excavations-mag.com\/excavations\/wp-content\/uploads\/2024\/12\/IMG_6586-768x1024.jpeg 768w, https:\/\/www.excavations-mag.com\/excavations\/wp-content\/uploads\/2024\/12\/IMG_6586-1152x1536.jpeg 1152w, https:\/\/www.excavations-mag.com\/excavations\/wp-content\/uploads\/2024\/12\/IMG_6586-1536x2048.jpeg 1536w, https:\/\/www.excavations-mag.com\/excavations\/wp-content\/uploads\/2024\/12\/IMG_6586-920x1227.jpeg 920w, https:\/\/www.excavations-mag.com\/excavations\/wp-content\/uploads\/2024\/12\/IMG_6586-scaled.jpeg 1920w\" sizes=\"auto, (max-width: 225px) 100vw, 225px\" \/><\/a> <a href=\"http:\/\/www.excavations-mag.com\/excavations\/wp-content\/uploads\/2024\/12\/IMG_6585-scaled.jpeg\"><img loading=\"lazy\" decoding=\"async\" data-attachment-id=\"3140\" data-permalink=\"https:\/\/www.excavations-mag.com\/excavations\/2024\/12\/29\/excavations-11-juan-fran-nunez-parreno\/img_6585\/#main\" data-orig-file=\"https:\/\/www.excavations-mag.com\/excavations\/wp-content\/uploads\/2024\/12\/IMG_6585-scaled.jpeg\" data-orig-size=\"1920,2560\" data-comments-opened=\"1\" data-image-meta=\"{&quot;aperture&quot;:&quot;1.8&quot;,&quot;credit&quot;:&quot;&quot;,&quot;camera&quot;:&quot;iPhone XS&quot;,&quot;caption&quot;:&quot;&quot;,&quot;created_timestamp&quot;:&quot;1731142365&quot;,&quot;copyright&quot;:&quot;&quot;,&quot;focal_length&quot;:&quot;4.25&quot;,&quot;iso&quot;:&quot;40&quot;,&quot;shutter_speed&quot;:&quot;0.0082644628099174&quot;,&quot;title&quot;:&quot;&quot;,&quot;orientation&quot;:&quot;1&quot;}\" data-image-title=\"IMG_6585\" data-image-description=\"\" data-image-caption=\"\" data-medium-file=\"https:\/\/www.excavations-mag.com\/excavations\/wp-content\/uploads\/2024\/12\/IMG_6585-225x300.jpeg\" data-large-file=\"https:\/\/www.excavations-mag.com\/excavations\/wp-content\/uploads\/2024\/12\/IMG_6585-768x1024.jpeg\" class=\"alignnone size-medium wp-image-3140\" src=\"http:\/\/www.excavations-mag.com\/excavations\/wp-content\/uploads\/2024\/12\/IMG_6585-225x300.jpeg\" alt=\"\" width=\"225\" height=\"300\" srcset=\"https:\/\/www.excavations-mag.com\/excavations\/wp-content\/uploads\/2024\/12\/IMG_6585-225x300.jpeg 225w, https:\/\/www.excavations-mag.com\/excavations\/wp-content\/uploads\/2024\/12\/IMG_6585-768x1024.jpeg 768w, https:\/\/www.excavations-mag.com\/excavations\/wp-content\/uploads\/2024\/12\/IMG_6585-1152x1536.jpeg 1152w, https:\/\/www.excavations-mag.com\/excavations\/wp-content\/uploads\/2024\/12\/IMG_6585-1536x2048.jpeg 1536w, https:\/\/www.excavations-mag.com\/excavations\/wp-content\/uploads\/2024\/12\/IMG_6585-920x1227.jpeg 920w, https:\/\/www.excavations-mag.com\/excavations\/wp-content\/uploads\/2024\/12\/IMG_6585-scaled.jpeg 1920w\" sizes=\"auto, (max-width: 225px) 100vw, 225px\" \/><\/a> <a href=\"http:\/\/www.excavations-mag.com\/excavations\/wp-content\/uploads\/2024\/12\/IMG_6587-scaled.jpeg\"><img loading=\"lazy\" decoding=\"async\" data-attachment-id=\"3141\" data-permalink=\"https:\/\/www.excavations-mag.com\/excavations\/2024\/12\/29\/excavations-11-juan-fran-nunez-parreno\/img_6587\/#main\" data-orig-file=\"https:\/\/www.excavations-mag.com\/excavations\/wp-content\/uploads\/2024\/12\/IMG_6587-scaled.jpeg\" data-orig-size=\"1920,2560\" data-comments-opened=\"1\" data-image-meta=\"{&quot;aperture&quot;:&quot;1.8&quot;,&quot;credit&quot;:&quot;&quot;,&quot;camera&quot;:&quot;iPhone XS&quot;,&quot;caption&quot;:&quot;&quot;,&quot;created_timestamp&quot;:&quot;1731142380&quot;,&quot;copyright&quot;:&quot;&quot;,&quot;focal_length&quot;:&quot;4.25&quot;,&quot;iso&quot;:&quot;32&quot;,&quot;shutter_speed&quot;:&quot;0.0082644628099174&quot;,&quot;title&quot;:&quot;&quot;,&quot;orientation&quot;:&quot;1&quot;}\" data-image-title=\"IMG_6587\" data-image-description=\"\" data-image-caption=\"\" data-medium-file=\"https:\/\/www.excavations-mag.com\/excavations\/wp-content\/uploads\/2024\/12\/IMG_6587-225x300.jpeg\" data-large-file=\"https:\/\/www.excavations-mag.com\/excavations\/wp-content\/uploads\/2024\/12\/IMG_6587-768x1024.jpeg\" class=\"alignnone size-medium wp-image-3141\" src=\"http:\/\/www.excavations-mag.com\/excavations\/wp-content\/uploads\/2024\/12\/IMG_6587-225x300.jpeg\" alt=\"\" width=\"225\" height=\"300\" srcset=\"https:\/\/www.excavations-mag.com\/excavations\/wp-content\/uploads\/2024\/12\/IMG_6587-225x300.jpeg 225w, https:\/\/www.excavations-mag.com\/excavations\/wp-content\/uploads\/2024\/12\/IMG_6587-768x1024.jpeg 768w, https:\/\/www.excavations-mag.com\/excavations\/wp-content\/uploads\/2024\/12\/IMG_6587-1152x1536.jpeg 1152w, https:\/\/www.excavations-mag.com\/excavations\/wp-content\/uploads\/2024\/12\/IMG_6587-1536x2048.jpeg 1536w, https:\/\/www.excavations-mag.com\/excavations\/wp-content\/uploads\/2024\/12\/IMG_6587-920x1227.jpeg 920w, https:\/\/www.excavations-mag.com\/excavations\/wp-content\/uploads\/2024\/12\/IMG_6587-scaled.jpeg 1920w\" sizes=\"auto, (max-width: 225px) 100vw, 225px\" \/><\/a><\/p>\n","protected":false},"excerpt":{"rendered":"<p>Pages from Juan Fran N\u00fa\u00f1ez Parre\u00f1o, Villamalea, Spain<\/p>\n","protected":false},"author":2,"featured_media":0,"comment_status":"open","ping_status":"open","sticky":false,"template":"","format":"standard","meta":{"jetpack_post_was_ever_published":false,"_jetpack_newsletter_access":"","_jetpack_dont_email_post_to_subs":false,"_jetpack_newsletter_tier_id":0,"_jetpack_memberships_contains_paywalled_content":false,"_jetpack_memberships_contains_paid_content":false,"footnotes":"","jetpack_publicize_message":"","jetpack_publicize_feature_enabled":true,"jetpack_social_post_already_shared":true,"jetpack_social_options":{"image_generator_settings":{"template":"highway","enabled":false},"version":2}},"categories":[1],"tags":[],"class_list":["post-3004","post","type-post","status-publish","format-standard","hentry","category-uncategorized"],"jetpack_publicize_connections":[],"jetpack_featured_media_url":"","jetpack_sharing_enabled":true,"jetpack_shortlink":"https:\/\/wp.me\/p6VqdA-Ms","_links":{"self":[{"href":"https:\/\/www.excavations-mag.com\/excavations\/wp-json\/wp\/v2\/posts\/3004","targetHints":{"allow":["GET"]}}],"collection":[{"href":"https:\/\/www.excavations-mag.com\/excavations\/wp-json\/wp\/v2\/posts"}],"about":[{"href":"https:\/\/www.excavations-mag.com\/excavations\/wp-json\/wp\/v2\/types\/post"}],"author":[{"embeddable":true,"href":"https:\/\/www.excavations-mag.com\/excavations\/wp-json\/wp\/v2\/users\/2"}],"replies":[{"embeddable":true,"href":"https:\/\/www.excavations-mag.com\/excavations\/wp-json\/wp\/v2\/comments?post=3004"}],"version-history":[{"count":2,"href":"https:\/\/www.excavations-mag.com\/excavations\/wp-json\/wp\/v2\/posts\/3004\/revisions"}],"predecessor-version":[{"id":3142,"href":"https:\/\/www.excavations-mag.com\/excavations\/wp-json\/wp\/v2\/posts\/3004\/revisions\/3142"}],"wp:attachment":[{"href":"https:\/\/www.excavations-mag.com\/excavations\/wp-json\/wp\/v2\/media?parent=3004"}],"wp:term":[{"taxonomy":"category","embeddable":true,"href":"https:\/\/www.excavations-mag.com\/excavations\/wp-json\/wp\/v2\/categories?post=3004"},{"taxonomy":"post_tag","embeddable":true,"href":"https:\/\/www.excavations-mag.com\/excavations\/wp-json\/wp\/v2\/tags?post=3004"}],"curies":[{"name":"wp","href":"https:\/\/api.w.org\/{rel}","templated":true}]}}